{"id":245,"date":"2026-03-24T11:05:15","date_gmt":"2026-03-24T11:05:15","guid":{"rendered":"https:\/\/wp.als080411ek.hemsida.eu\/?p=245"},"modified":"2026-03-24T11:05:15","modified_gmt":"2026-03-24T11:05:15","slug":"moment07","status":"publish","type":"post","link":"https:\/\/wp.als080411ek.hemsida.eu\/index.php\/2026\/03\/24\/moment07\/","title":{"rendered":"Moment07"},"content":{"rendered":"\n<h2 class=\"wp-block-heading\">Lagar<\/h2>\n\n\n\n<p>Det hade varit sv\u00e5rt att veta om det hade varit s\u00e4kert att dela sina personuppgifter p\u00e5 sidor om GDPR inte fanns som en lag. Man har ju som anv\u00e4ndare mer r\u00e4ttigheter med GDPR som g\u00f6r att vi kan best\u00e4mma sj\u00e4lva ifall vi vill att v\u00e5ra personuppgifter ska raderas eller vara kvar p\u00e5 en webbsida. S\u00e5 jag tycker personligen att GDPR \u00e4r n\u00e5gonting som \u00e4r v\u00e4ldigt bra eftersom att den g\u00f6r att det jag ger till webbsidor kommer att lagras s\u00e4kert och inte anv\u00e4ndas p\u00e5 ett felaktigt s\u00e4tt. <\/p>\n\n\n\n<p>Jag kan verkligen fatta varf\u00f6r upphovsr\u00e4ttslagen \u00e4r s\u00e5 pass h\u00e5rd eftersom att den skyddar skaparen som har lagt ner mycket tid p\u00e5 sina verk fr\u00e5n att andra ska anv\u00e4nda deras grejer p\u00e5 ett s\u00e4tt som man kanske inte vill att det ska anv\u00e4ndas p\u00e5 eller utan att ha fr\u00e5gat om lov. Creative Commons v\u00e4rkar vara n\u00e5got j\u00e4tte bra eftersom att man f\u00e5r tillg\u00e5ng till bilder och l\u00e5tar p\u00e5 ett enkelt s\u00e4tt bara man f\u00f6ljer de lagar som skaparen har satt p\u00e5 sitt verk.<\/p>\n\n\n\n<p>Om jag hade lagt ner mycket tid p\u00e5 att till exempel skapa en bild, s\u00e5 hade jag inte velat att andra personer hade anv\u00e4nt den bilden. men om jag hade skapat n\u00e5gonting som var till f\u00f6r ett l\u00e4rande syfte s\u00e5 hade jag nog varit ganska okej med att andra anv\u00e4nder det. De grejer som du har skapat p\u00e5 kursolle tror jag \u00e4nd\u00e5 att du \u00e4r okej med att andra anv\u00e4nder i ett l\u00e4rande syfte, och jag tror att det hade varit lite samma ifall jag hade gjort n\u00e5got som andra skulle anv\u00e4nda sig f\u00f6r att l\u00e4ra sig saker. <\/p>\n\n\n\n<p>Det som man m\u00e5ste t\u00e4nka p\u00e5 n\u00e4r man ska bygga en webbsida \u00e4r att man m\u00e5ste se till att man inte tar n\u00e5gra bilder, texter, filmer eller musik av n\u00e5gon som inte har godk\u00e4nt att man anv\u00e4nder deras verk. Om det nu \u00e4r s\u00e5 att man verkligen vill anv\u00e4nda en viss bild som man hittade p\u00e5  n\u00e4tet som inte \u00e4r gratis, s\u00e5 kan man fr\u00e5ga skaparen om lov att anv\u00e4nda det som de har gjort eller \u00e4ven betala en summa f\u00f6r att f\u00e5 anv\u00e4nda bilden. Men det smidigaste \u00e4r ju ifall man tar en egen bild och anv\u00e4nder. Eller s\u00e5 kan man till exempel anv\u00e4nda Creative Commons f\u00f6r att f\u00e5 tag p\u00e5 bilder som man f\u00e5r anv\u00e4nda. <\/p>\n\n\n\n<p>Jag \u00e4r ganska s\u00e4ker p\u00e5 att jag inte har brutit mot n\u00e5gon av lagarna eftersom jag antingen har tagit bilderna sj\u00e4lv eller tagit filmer och bilder fr\u00e5n st\u00e4llen d\u00e4r det \u00e4r gratis. <\/p>\n\n\n\n<p><\/p>\n","protected":false},"excerpt":{"rendered":"<p>Lagar Det hade varit sv\u00e5rt att veta om det hade varit s\u00e4kert att dela sina personuppgifter p\u00e5 sidor om GDPR inte fanns som en lag. Man har ju som anv\u00e4ndare mer r\u00e4ttigheter med GDPR som g\u00f6r att vi kan best\u00e4mma sj\u00e4lva ifall vi vill att v\u00e5ra personuppgifter ska raderas eller vara kvar p\u00e5 en webbsida. [&hellip;]<\/p>\n","protected":false},"author":1,"featured_media":0,"comment_status":"open","ping_status":"open","sticky":false,"template":"","format":"standard","meta":{"footnotes":""},"categories":[1],"tags":[],"class_list":["post-245","post","type-post","status-publish","format-standard","hentry","category-uncategorized"],"_links":{"self":[{"href":"https:\/\/wp.als080411ek.hemsida.eu\/index.php\/wp-json\/wp\/v2\/posts\/245","targetHints":{"allow":["GET"]}}],"collection":[{"href":"https:\/\/wp.als080411ek.hemsida.eu\/index.php\/wp-json\/wp\/v2\/posts"}],"about":[{"href":"https:\/\/wp.als080411ek.hemsida.eu\/index.php\/wp-json\/wp\/v2\/types\/post"}],"author":[{"embeddable":true,"href":"https:\/\/wp.als080411ek.hemsida.eu\/index.php\/wp-json\/wp\/v2\/users\/1"}],"replies":[{"embeddable":true,"href":"https:\/\/wp.als080411ek.hemsida.eu\/index.php\/wp-json\/wp\/v2\/comments?post=245"}],"version-history":[{"count":2,"href":"https:\/\/wp.als080411ek.hemsida.eu\/index.php\/wp-json\/wp\/v2\/posts\/245\/revisions"}],"predecessor-version":[{"id":248,"href":"https:\/\/wp.als080411ek.hemsida.eu\/index.php\/wp-json\/wp\/v2\/posts\/245\/revisions\/248"}],"wp:attachment":[{"href":"https:\/\/wp.als080411ek.hemsida.eu\/index.php\/wp-json\/wp\/v2\/media?parent=245"}],"wp:term":[{"taxonomy":"category","embeddable":true,"href":"https:\/\/wp.als080411ek.hemsida.eu\/index.php\/wp-json\/wp\/v2\/categories?post=245"},{"taxonomy":"post_tag","embeddable":true,"href":"https:\/\/wp.als080411ek.hemsida.eu\/index.php\/wp-json\/wp\/v2\/tags?post=245"}],"curies":[{"name":"wp","href":"https:\/\/api.w.org\/{rel}","templated":true}]}}