{"id":167,"date":"2025-12-16T11:59:30","date_gmt":"2025-12-16T11:59:30","guid":{"rendered":"https:\/\/wp.als080411ek.hemsida.eu\/?p=167"},"modified":"2026-01-14T18:45:36","modified_gmt":"2026-01-14T18:45:36","slug":"internets-historia","status":"publish","type":"post","link":"https:\/\/wp.als080411ek.hemsida.eu\/index.php\/2025\/12\/16\/internets-historia\/","title":{"rendered":"Internets historia"},"content":{"rendered":"\n<h2 class=\"wp-block-heading\">Sveriges f\u00f6rsta mejl:<\/h2>\n\n\n\n<p>Den 7 april 1983 skickades det f\u00f6rsta mejlet fr\u00e5n Jim Mckie i Amsterdam  till Bj\u00f6rn Eriksen i Sverige. Informationen i mejlet var inte s\u00e4rskilt intressant eller sp\u00e4nnande eftersom att de bara informerade om att det var ett test mejl. Men eftersom att det var de f\u00f6rsta mejlet som skickats \u00f6ver internetet blev det en historisk h\u00e4ndelse. Sedan dess har mejl varit det mest popul\u00e4ra kommunikationss\u00e4tten \u00f6ver internetet. En unders\u00f6kning &#8220;Svenskarna och internetet&#8221; fr\u00e5n 2019  ber\u00e4ttar att det \u00e4r 97% av svenskarna som anv\u00e4nder internetet har i alla fall n\u00e5gon g\u00e5ng anv\u00e4nt mejl. Efter att E-post kom till har skolor, jobb och v\u00e5rd flyttats till n\u00e4tet vilket har \u00e4ndrat s\u00e4ttet som vi interagerar med varandra. Det skapade \u00e4ven m\u00f6jligheter f\u00f6r svenska universitet att kommunicera med varandra och ha forskningssamarbeten. <\/p>\n\n\n\n<p>Tekniken som anv\u00e4ndes f\u00f6r att ta emot mejlet skapade kritik och fr\u00e5gor ifall det verkligen skulle r\u00e4knas som det f\u00f6rsta mejlet \u00f6ver internetet. Det var p\u00e5 grund av att mejlet togs emot med den gamla systemet UUCP och X.25 ist\u00e4llet f\u00f6r att anv\u00e4nda internet protokollet TCP\/IP. 1982 hade det n\u00e4mligen tidigare skickats mejl i Sverige med hj\u00e4lp av KOM-systemet, men via brygga och anv\u00e4nt tekniken X.25. Men det f\u00f6rsta mejlet var \u00e4nd\u00e5 ett steg mot den digitala transformation med fler datorer och en \u00f6verg\u00e5ng till TCP\/IP som sedan standardiserade internetet. <\/p>\n\n\n\n<p>k\u00e4llor:<\/p>\n\n\n\n<p><a href=\"https:\/\/internetmuseum.se\/tidslinjen\/bjorn-eriksen-tar-emot-forsta-mejlet-till-sverige\/\">https:\/\/internetmuseum.se\/tidslinjen\/bjorn-eriksen-tar-emot-forsta-mejlet-till-sverige\/<\/a><\/p>\n\n\n\n<p><\/p>\n\n\n\n<h2 class=\"wp-block-heading\">Aftonbladet.se blir den f\u00f6rsta svenska tidningen p\u00e5 internetet:<\/h2>\n\n\n\n<p>Nyhets chefen Bo Hedin g\u00f6r det m\u00f6jligt f\u00f6r Aftonbladet att ta sig ut p\u00e5 internetet efter en l\u00e5ng tid av efterfr\u00e5gan. Institutionen f\u00f6r journalistik och kommunikation via Stockholms universitet har under en l\u00e5ng tid velat testa iden med en riktig dagstidning ute p\u00e5 n\u00e4tet. Men Hedin som jobbar p\u00e5 Aftonbladet lyckas \u00f6vertala ledningen under v\u00e5ren 1994 att f\u00e5 testa iden. Mycket arbete l\u00e4ggs ner p\u00e5 att f\u00e5 till den f\u00f6rsta n\u00e4tversionen. Under h\u00f6sten har redaktionen lyckats f\u00e5 kunskap och fixa egen uppkoppling s\u00e5 att de kan forts\u00e4tta med projektet p\u00e5 egen hand. Sajten byggdes framf\u00f6rallt av Mark Comerford som var en f\u00f6re detta tunnelbanef\u00f6rare som hade blivit indragen i m\u00e5nga forskningsprojekt p\u00e5 journalisth\u00f6gskolan p\u00e5 grund av hans dator kunskaper. <\/p>\n\n\n\n<p>Den 25 augusti 1994 lades den f\u00f6rsta nyhetssidan ut av Aftonbladet, och det blev en succ\u00e9. Det var sv\u00e5rt att veta hur m\u00e5nga det var som egentligen bes\u00f6kte hemsidan. Men Aftonbladet blev en av de st\u00f6rsta n\u00e4tsidorna i Sverige, med \u00f6ver 5 miljoner bes\u00f6kare p\u00e5 en vecka under 2010. <\/p>\n\n\n\n<p>N\u00e4r Aftonbladet hamnade p\u00e5 internetet gjorde det att de som bodde i Sverige hade m\u00f6jligheten att f\u00e5 tag p\u00e5 nyheter dygnet runt ist\u00e4llet f\u00f6r att beh\u00f6va v\u00e4nta p\u00e5 en papperstidning. Eftersom man nu kunde l\u00e4sa nyheterna p\u00e5 datorn minskade efterfr\u00e5gan efter papperstidningar drastiskt. Dock s\u00e5 gjorde det att fler b\u00f6rjade anv\u00e4nda sk\u00e4rmar och annan media f\u00f6r att se nyheterna vilket b\u00f6rjade p\u00e5verka v\u00e5ra kroppar p\u00e5 ett negativt s\u00e4tt, som inte hade varit ett problem tidigare.   <\/p>\n\n\n\n<p>K\u00e4llor:<\/p>\n\n\n\n<p> <a href=\"https:\/\/www.aftonbladet.se\/nyheter\/a\/y3KGgR\/sa-foddes-aftonbladetse\">https:\/\/www.aftonbladet.se\/nyheter\/a\/y3KGgR\/sa-foddes-aftonbladetse<\/a><\/p>\n\n\n\n<p> <a href=\"https:\/\/internetmuseum.se\/tidslinjen\/aftonbladet-se\/\">https:\/\/internetmuseum.se\/tidslinjen\/aftonbladet-se\/<\/a><\/p>\n\n\n\n<p><\/p>\n\n\n\n<h2 class=\"wp-block-heading\">Snapchat:<\/h2>\n\n\n\n<p>Snapchat lanserades 2011 av Frank Brown, Evan Spiegel och Bobby Murphy. Appen var gjord f\u00f6r att man skulle kunna skicka bilder, videos och meddelanden till varandra utan att det automatiskt sparades. Appen har blivit s\u00e4rskilt popul\u00e4r bland unga och 80% av anv\u00e4ndarna \u00e4r inne och snappar dagligen. <\/p>\n\n\n\n<p>Skapandet av appen ledde till att det blev mycket br\u00e5k och Bobby Murphy blev utesluten fr\u00e5n f\u00f6retaget. Men efter att han hade kr\u00e4vt sin r\u00e4tt till \u00e4ra och pengar blev han tillslut en av de officiella skaparna. <\/p>\n\n\n\n<p>Anledningen till att snapchat blev en s\u00e5n popul\u00e4r app var p\u00e5 grund av att det skapade n\u00e5gon slaggs k\u00e4nsla av spontanitet och \u00e4kthet genom att man tar bilden just i det tillf\u00e4llet. \u00c4ven det stora utbudet p\u00e5 filter som man kunde l\u00e4gga p\u00e5 bilderna gjorde att det helt pl\u00f6tsligt blev roligare att ta selfies och dela med sina v\u00e4nner. <\/p>\n\n\n\n<p>Snapchat har p\u00e5 senare \u00e5r utvecklat fler anv\u00e4ndningar f\u00f6r appen \u00e4n att man bara ska kunna ta bilder, som till exempel spotlight. Spotlight liknar mycket den popul\u00e4ra appen tiktok genom att man kan l\u00e4gga upp videos med musik som alla kan kolla p\u00e5. M\u00e5nga unga som anv\u00e4nder appen blir l\u00e4tt utsatta f\u00f6r ol\u00e4mpligt inneh\u00e5ll p\u00e5 grund av att det inte alltid \u00e4r m\u00f6jligt  att filtrera bort s\u00e5dana klipp. Snapchat har \u00e4ven lagt till en egen AI karakt\u00e4r som kallas f\u00f6r My AI. Funktionen liknar mycket chattGPT och Gemini genom att man kan st\u00e4lla fr\u00e5gor och kommunicera med den. Men som alla andra AI funktioner kan \u00e4ven My AI ge ut falsk information. <\/p>\n\n\n\n<p>Snapchat har kommit med en ny uppdatering d\u00e4r man kommer beh\u00f6va betala f\u00f6r sina sparade bilder och videos om man inte vill att de ska bli raderade. Gr\u00e4nsen ligger p\u00e5 5 GB, allts\u00e5 cirka 1000 bilder. De anv\u00e4ndare som har anv\u00e4nt appen som en digital fotoalbum uttrycker stark missn\u00f6je och ilska mot den nya uppdateringen, och det \u00e4r \u00e4ven m\u00e5nga som har uppmanat anv\u00e4ndare att bojkotta appen. <\/p>\n\n\n\n<p>P\u00e5 grund av att det \u00e4r m\u00e5nga som har uttryckt sig missn\u00f6jda \u00f6ver att snapchat har b\u00f6rjat att ta betalt f\u00f6r vissa funktioner tror jag att fler kommer byta kommunikations app. Andra popul\u00e4ra appar som Tiktok och instagram har ocks\u00e5 funktionen att man kan kommunicera med varandra och anv\u00e4nda filter p\u00e5 bilder, vilket f\u00f6rmodligen kommer leda till att fler b\u00f6rjar anv\u00e4nda dem apparna f\u00f6r att h\u00e5lla kontakten och skicka bilder ist\u00e4llet f\u00f6r att anv\u00e4nda snapchat.  Men snapchat \u00e4r fortfarande en stor och popul\u00e4r app p\u00e5 hela jorden vilket kommer att hj\u00e4lpa dem att h\u00e5lla sig vid liv \u00e4ven ifall det \u00e4r m\u00e5nga som v\u00e4ljer att sluta anv\u00e4nda appen. <\/p>\n\n\n\n<p>Jag tror \u00e4ven att snapchat kommer vara h\u00e5rdare i framtiden n\u00e4r det g\u00e4ller \u00e5ldrar p\u00e5 de som anv\u00e4nder appen. Just nu \u00e4r det 13 \u00e5rs gr\u00e4ns f\u00f6r att ha appen, men det \u00e4r allt fler yngre barn som anv\u00e4nder appen i hemlighet. Det \u00e4r l\u00e4tt att r\u00e5ka st\u00f6ta p\u00e5 ol\u00e4mpligt inneh\u00e5ll, och m\u00f6ta \u00e4ldre m\u00e4nniskor som kan utnyttja en om man \u00e4r s\u00e5 pass ung att man inte riktigt f\u00f6rst\u00e5r hur man ska hantera sociala medier. S\u00e5 jag tror att h\u00e5rdare kontroller \u00f6ver \u00e5ldern p\u00e5 anv\u00e4ndarna kommer vara n\u00f6dv\u00e4ndigt f\u00f6r att skydda de som \u00e4r yngre \u00e4n 13 \u00e5r.  <\/p>\n\n\n\n<p>K\u00e4lla:<\/p>\n\n\n\n<p> <a href=\"https:\/\/internetmuseum.se\/tidslinjen\/nu-kommer-snapchat\/\">https:\/\/internetmuseum.se\/tidslinjen\/nu-kommer-snapchat\/<\/a><\/p>\n\n\n\n<p><a href=\"https:\/\/www.adsup.se\/s%C3%A5-anv%C3%A4nder-svenskar-sociala-medier-2025-de-st%C3%B6rsta-plattformarna\">https:\/\/www.adsup.se\/s%C3%A5-anv%C3%A4nder-svenskar-sociala-medier-2025-de-st%C3%B6rsta-plattformarna<\/a><\/p>\n\n\n\n<p><a href=\"https:\/\/www.tv4.se\/artikel\/13rseHZmBG4xeSmUiW6ymK\/snapchat-boerjar-ta-betalt-foer-sparade-bilder\">https:\/\/www.tv4.se\/artikel\/13rseHZmBG4xeSmUiW6ymK\/snapchat-boerjar-ta-betalt-foer-sparade-bilder<\/a><\/p>\n","protected":false},"excerpt":{"rendered":"<p>Sveriges f\u00f6rsta mejl: Den 7 april 1983 skickades det f\u00f6rsta mejlet fr\u00e5n Jim Mckie i Amsterdam till Bj\u00f6rn Eriksen i Sverige. Informationen i mejlet var inte s\u00e4rskilt intressant eller sp\u00e4nnande eftersom att de bara informerade om att det var ett test mejl. Men eftersom att det var de f\u00f6rsta mejlet som skickats \u00f6ver internetet blev [&hellip;]<\/p>\n","protected":false},"author":1,"featured_media":0,"comment_status":"open","ping_status":"open","sticky":false,"template":"","format":"standard","meta":{"footnotes":""},"categories":[1],"tags":[],"class_list":["post-167","post","type-post","status-publish","format-standard","hentry","category-uncategorized"],"_links":{"self":[{"href":"https:\/\/wp.als080411ek.hemsida.eu\/index.php\/wp-json\/wp\/v2\/posts\/167","targetHints":{"allow":["GET"]}}],"collection":[{"href":"https:\/\/wp.als080411ek.hemsida.eu\/index.php\/wp-json\/wp\/v2\/posts"}],"about":[{"href":"https:\/\/wp.als080411ek.hemsida.eu\/index.php\/wp-json\/wp\/v2\/types\/post"}],"author":[{"embeddable":true,"href":"https:\/\/wp.als080411ek.hemsida.eu\/index.php\/wp-json\/wp\/v2\/users\/1"}],"replies":[{"embeddable":true,"href":"https:\/\/wp.als080411ek.hemsida.eu\/index.php\/wp-json\/wp\/v2\/comments?post=167"}],"version-history":[{"count":9,"href":"https:\/\/wp.als080411ek.hemsida.eu\/index.php\/wp-json\/wp\/v2\/posts\/167\/revisions"}],"predecessor-version":[{"id":192,"href":"https:\/\/wp.als080411ek.hemsida.eu\/index.php\/wp-json\/wp\/v2\/posts\/167\/revisions\/192"}],"wp:attachment":[{"href":"https:\/\/wp.als080411ek.hemsida.eu\/index.php\/wp-json\/wp\/v2\/media?parent=167"}],"wp:term":[{"taxonomy":"category","embeddable":true,"href":"https:\/\/wp.als080411ek.hemsida.eu\/index.php\/wp-json\/wp\/v2\/categories?post=167"},{"taxonomy":"post_tag","embeddable":true,"href":"https:\/\/wp.als080411ek.hemsida.eu\/index.php\/wp-json\/wp\/v2\/tags?post=167"}],"curies":[{"name":"wp","href":"https:\/\/api.w.org\/{rel}","templated":true}]}}